{"id":1781,"date":"2021-07-21T10:21:48","date_gmt":"2021-07-21T08:21:48","guid":{"rendered":"https:\/\/uoh.fr\/front\/?p=1781"},"modified":"2023-05-03T08:26:45","modified_gmt":"2023-05-03T06:26:45","slug":"appel-a-projets","status":"publish","type":"post","link":"https:\/\/uoh.fr\/front\/appel-a-projets\/","title":{"rendered":"Appel \u00e0 projets 2021"},"content":{"rendered":"\n<p><strong><a href=\"https:\/\/luniversitenumerique.fr\/appel-a-projets-23\/\" target=\"_blank\" rel=\"noreferrer noopener\">Voir l&rsquo;appel \u00e0 projet 2023<\/a><\/strong><\/p>\n\n\n\n<p>L\u2019Universit\u00e9 Num\u00e9rique, l\u2019association de 6 Universit\u00e9s num\u00e9riques th\u00e9matiques, publie un appel \u00e0 projets de&nbsp;<strong>production et d\u2019am\u00e9lioration de ressources p\u00e9dagogiques num\u00e9riques permettant l\u2019hybridation des formations.<\/strong><\/p>\n\n\n\n<p>Cet appel \u00e0 projets comprend&nbsp;<strong>3 volets<\/strong>. Il couvre les domaines de formation des sciences de l\u2019ing\u00e9nieur (enveloppe de 50&nbsp;000\u20ac) et des arts, lettres, langues, sciences humaines et sciences sociales (enveloppe de 130&nbsp;000\u20ac).<\/p>\n\n\n\n<h4><strong>Volet 1<\/strong><\/h4>\n\n\n\n<p>Ce volet vise la&nbsp;<strong>cr\u00e9ation de<\/strong>&nbsp;<strong>ressources p\u00e9dagogiques num\u00e9riques \u00e0 large potentiel de r\u00e9utilisation<\/strong>&nbsp;et&nbsp;<strong>d\u2019adaptation \u00e0 des contextes divers<\/strong>. L\u2019objectif est de s\u2019appuyer sur des&nbsp;<strong>groupes d\u2019enseignants<\/strong>&nbsp;responsables de formations pour d\u00e9finir les contenus utiles \u00e0 des formations comparables, ainsi que les&nbsp;<strong>conditions d\u2019une large acceptabilit\u00e9<\/strong>&nbsp;de ces contenus par les \u00e9quipes p\u00e9dagogiques.<\/p>\n\n\n\n<p>Pour faciliter&nbsp;<strong>leur appropriation&nbsp;<\/strong>par les enseignants n\u2019ayant pas particip\u00e9 \u00e0 la conception, les contenus seront \u00e0&nbsp;<strong>organiser de fa\u00e7on modulaire<\/strong>, par assemblage de&nbsp;<strong>grains faciles \u00e0 ajouter ou supprimer&nbsp;<\/strong>(micro-contenus).<\/p>\n\n\n\n<p>Pourront \u00eatre propos\u00e9s dans le cadre de ce volet, les projets r\u00e9pondant aux sp\u00e9cifications suivantes :<\/p>\n\n\n\n<ul><li>L\u2019int\u00e9gration dans des formations de langues \u00e9trang\u00e8res (LANSAD) de tous types ;<\/li><li>La production sous forme de \u00ab&nbsp;micro-contenus&nbsp;\u00bb repr\u00e9sentant chacun moins de 30 minutes de travail \u00e9tudiant et r\u00e9pondant \u00e0 un&nbsp;<a href=\"https:\/\/luniversitenumerique.fr\/definition-micro-contenu\/\">cahier des charges sp\u00e9cifique<\/a>&nbsp;;<\/li><li>La possibilit\u00e9 de provenir de la remise en forme de ressources existantes&nbsp;;<\/li><li>Le sous titrage des ressources (soit pour les malentendants, soit en anglais) serait un plus.<\/li><\/ul>\n\n\n\n<h4><strong>Volet&nbsp;<\/strong>2<\/h4>\n\n\n\n<p>Ce volet vise&nbsp;<strong>l\u2019am\u00e9lioration, la r\u00e9ing\u00e9nierie et\/ou la remise en forme de ressources existantes dans les domaines des arts, lettres, sciences humaines, sciences sociales et sciences de l\u2019ing\u00e9nieur<\/strong>.<\/p>\n\n\n\n<p>De nombreuses ressources gagneraient \u00e0 \u00eatre revues pour \u00eatre plus utiles et plus utilis\u00e9es, que ce soit des ressources d\u00e9j\u00e0 mutualis\u00e9es dans une UNT ou des ressources rest\u00e9es au niveau d\u2019un \u00e9tablissement.<\/p>\n\n\n\n<p>Pourront \u00eatre propos\u00e9s dans le cadre de ce volet, les projets r\u00e9pondant \u00e0 au moins deux des objectifs suivants :<\/p>\n\n\n\n<ul><li>La mise \u00e0 jour des contenus et savoirs transmis ;<ul><li>Le renforcement ou l\u2019am\u00e9lioration de la m\u00e9diatisation ;<\/li><li>La facilitation de la r\u00e9utilisabilit\u00e9 et de l\u2019adaptabilit\u00e9 (d\u00e9coupage en grains fins par exemple) ;<\/li><li>La modernisation ergonomique et technique (passage en HTML5 par exemple) ;<\/li><li>L\u2019accessibilit\u00e9 aux personnes en situation de handicap (conformit\u00e9 \u00e0 la norme RGAA)&nbsp;;<\/li><li>La traduction pour un usage \u00e0 l\u2019international ;<\/li><li>L\u2019obtention des droits n\u00e9cessaires au passage de la ressource sous Licence Creative Commons (a minima BY-NC-SA).<\/li><\/ul><\/li><\/ul>\n\n\n\n<h4><strong>Volet&nbsp;<\/strong>3<\/h4>\n\n\n\n<p>Ce volet vise la cr\u00e9ation de ressources p\u00e9dagogiques num\u00e9riques librement accessibles avec les p\u00e9rim\u00e8tres suivants&nbsp;:<\/p>\n\n\n\n<ul><li><strong>Sciences et technologies<\/strong>, orient\u00e9 L3-M2, dont les sujets sont libres. Voici quelques propositions qui ne sont pas limitatives.<ul><li>Concevoir en respectant l\u2019environnement ou optimisation de la conception<\/li><li>Nouveaux mat\u00e9riaux et m\u00e9ta-mat\u00e9riaux<\/li><li>Data Engineering et Data Science<\/li><li>Utilisation des techniques d\u2019IA pour la mod\u00e9lisation des b\u00e2timents<\/li><li>Nouvelle approche de l\u2019espace<\/li><\/ul><\/li><li><strong>Arts<\/strong>, orient\u00e9 L1, L2 et\/ou L3, dont les sujets sont libres et les ressources n\u00e9cessaires \u00e0 l\u2019hybridation d\u2019enseignements.<\/li><li><strong>Lettres<\/strong>, orient\u00e9 L1 et\/ou L2, dont les sujets sont libres et les ressources n\u00e9cessaires \u00e0 l\u2019hybridation d\u2019enseignements.<\/li><li><strong>Sciences sociales<\/strong>, dont les sujets sont libres, mais pour lesquelles seront privil\u00e9gi\u00e9s les projets permettant de former \u00e0&nbsp;:<ul><li>la culture et aux comp\u00e9tences num\u00e9riques&nbsp;;<\/li><li>l\u2019interdisciplinarit\u00e9&nbsp;;<\/li><li>la g\u00e9ographie humaine.<\/li><\/ul><\/li><\/ul>\n\n\n\n<h4><a href=\"https:\/\/luniversitenumerique.fr\/aap-luniversite-numerique\/\">Voir le d\u00e9tail de l\u2019appel \u00e0 projets<\/a><\/h4>\n\n\n\n<p>pour plus de questions : contact@univ-numerique.fr<\/p>\n","protected":false},"excerpt":{"rendered":"<p>Voir l&rsquo;appel \u00e0 projet 2023 L\u2019Universit\u00e9 Num\u00e9rique, l\u2019association de 6 Universit\u00e9s num\u00e9riques th\u00e9matiques, publie un appel \u00e0 projets de&nbsp;production et d\u2019am\u00e9lioration de ressources p\u00e9dagogiques num\u00e9riques permettant l\u2019hybridation des formations. Cet appel \u00e0 projets comprend&nbsp;3 volets. Il couvre les domaines de formation des sciences de l\u2019ing\u00e9nieur (enveloppe de 50&nbsp;000\u20ac) et des arts, lettres, langues, sciences humaines [&hellip;]<\/p>\n","protected":false},"author":2,"featured_media":0,"comment_status":"open","ping_status":"open","sticky":false,"template":"","format":"standard","meta":[],"categories":[11],"tags":[],"acf":[],"yoast_head":"<!-- This site is optimized with the Yoast SEO plugin v17.7.1 - https:\/\/yoast.com\/wordpress\/plugins\/seo\/ -->\n<meta name=\"robots\" content=\"index, follow, max-snippet:-1, max-image-preview:large, max-video-preview:-1\" \/>\n<link rel=\"canonical\" href=\"https:\/\/uoh.fr\/front\/appel-a-projets\/\" \/>\n<meta property=\"og:locale\" content=\"fr_FR\" \/>\n<meta property=\"og:type\" content=\"article\" \/>\n<meta property=\"og:title\" content=\"Appel \u00e0 projets 2021 - UNIVERSIT\u00c9 NUM\u00c9RIQUE DES HUMANIT\u00c9S\" \/>\n<meta property=\"og:description\" content=\"Voir l&rsquo;appel \u00e0 projet 2023 L\u2019Universit\u00e9 Num\u00e9rique, l\u2019association de 6 Universit\u00e9s num\u00e9riques th\u00e9matiques, publie un appel \u00e0 projets de&nbsp;production et d\u2019am\u00e9lioration de ressources p\u00e9dagogiques num\u00e9riques permettant l\u2019hybridation des formations. Cet appel \u00e0 projets comprend&nbsp;3 volets. Il couvre les domaines de formation des sciences de l\u2019ing\u00e9nieur (enveloppe de 50&nbsp;000\u20ac) et des arts, lettres, langues, sciences humaines [&hellip;]\" \/>\n<meta property=\"og:url\" content=\"https:\/\/uoh.fr\/front\/appel-a-projets\/\" \/>\n<meta property=\"og:site_name\" content=\"UNIVERSIT\u00c9 NUM\u00c9RIQUE DES HUMANIT\u00c9S\" \/>\n<meta property=\"article:publisher\" content=\"https:\/\/www.facebook.com\/UOHumanites\/\" \/>\n<meta property=\"article:published_time\" content=\"2021-07-21T08:21:48+00:00\" \/>\n<meta property=\"article:modified_time\" content=\"2023-05-03T06:26:45+00:00\" \/>\n<meta name=\"twitter:card\" content=\"summary_large_image\" \/>\n<meta name=\"twitter:creator\" content=\"@uohumanites\" \/>\n<meta name=\"twitter:site\" content=\"@uohumanites\" \/>\n<meta name=\"twitter:label1\" content=\"\u00c9crit par\" \/>\n\t<meta name=\"twitter:data1\" content=\"joanne\" \/>\n\t<meta name=\"twitter:label2\" content=\"Dur\u00e9e de lecture estim\u00e9e\" \/>\n\t<meta name=\"twitter:data2\" content=\"3 minutes\" \/>\n<script type=\"application\/ld+json\" class=\"yoast-schema-graph\">{\"@context\":\"https:\/\/schema.org\",\"@graph\":[{\"@type\":\"Organization\",\"@id\":\"https:\/\/uoh.fr\/front\/#organization\",\"name\":\"Universit\\u00e9 Ouverte des Humanit\\u00e9s\",\"url\":\"https:\/\/uoh.fr\/front\/\",\"sameAs\":[\"https:\/\/www.facebook.com\/UOHumanites\/\",\"https:\/\/www.linkedin.com\/company\/universit-ouverte-des-humanit-s\",\"https:\/\/fr.wikipedia.org\/wiki\/Universit\\u00e9_ouverte_des_Humanit\\u00e9s\",\"https:\/\/twitter.com\/uohumanites\"],\"logo\":{\"@type\":\"ImageObject\",\"@id\":\"https:\/\/uoh.fr\/front\/#logo\",\"inLanguage\":\"fr-FR\",\"url\":\"https:\/\/uoh.fr\/front\/wp-content\/uploads\/2019\/10\/logo-uoh-png.png\",\"contentUrl\":\"https:\/\/uoh.fr\/front\/wp-content\/uploads\/2019\/10\/logo-uoh-png.png\",\"width\":1200,\"height\":507,\"caption\":\"Universit\\u00e9 Ouverte des Humanit\\u00e9s\"},\"image\":{\"@id\":\"https:\/\/uoh.fr\/front\/#logo\"}},{\"@type\":\"WebSite\",\"@id\":\"https:\/\/uoh.fr\/front\/#website\",\"url\":\"https:\/\/uoh.fr\/front\/\",\"name\":\"UOH\",\"description\":\"Des ressources en Arts, Lettres, Langues et Sciences Humaines et Sociales\",\"publisher\":{\"@id\":\"https:\/\/uoh.fr\/front\/#organization\"},\"potentialAction\":[{\"@type\":\"SearchAction\",\"target\":{\"@type\":\"EntryPoint\",\"urlTemplate\":\"https:\/\/uoh.fr\/front\/?s={search_term_string}\"},\"query-input\":\"required name=search_term_string\"}],\"inLanguage\":\"fr-FR\"},{\"@type\":\"WebPage\",\"@id\":\"https:\/\/uoh.fr\/front\/appel-a-projets\/#webpage\",\"url\":\"https:\/\/uoh.fr\/front\/appel-a-projets\/\",\"name\":\"Appel \\u00e0 projets 2021 - UNIVERSIT\\u00c9 NUM\\u00c9RIQUE DES HUMANIT\\u00c9S\",\"isPartOf\":{\"@id\":\"https:\/\/uoh.fr\/front\/#website\"},\"datePublished\":\"2021-07-21T08:21:48+00:00\",\"dateModified\":\"2023-05-03T06:26:45+00:00\",\"breadcrumb\":{\"@id\":\"https:\/\/uoh.fr\/front\/appel-a-projets\/#breadcrumb\"},\"inLanguage\":\"fr-FR\",\"potentialAction\":[{\"@type\":\"ReadAction\",\"target\":[\"https:\/\/uoh.fr\/front\/appel-a-projets\/\"]}]},{\"@type\":\"BreadcrumbList\",\"@id\":\"https:\/\/uoh.fr\/front\/appel-a-projets\/#breadcrumb\",\"itemListElement\":[{\"@type\":\"ListItem\",\"position\":1,\"name\":\"Home\",\"item\":\"https:\/\/uoh.fr\/front\/\"},{\"@type\":\"ListItem\",\"position\":2,\"name\":\"Appel \\u00e0 projets 2021\"}]},{\"@type\":\"Article\",\"@id\":\"https:\/\/uoh.fr\/front\/appel-a-projets\/#article\",\"isPartOf\":{\"@id\":\"https:\/\/uoh.fr\/front\/appel-a-projets\/#webpage\"},\"author\":{\"@id\":\"https:\/\/uoh.fr\/front\/#\/schema\/person\/63e97c19a7ae6597e005b98f3293f93a\"},\"headline\":\"Appel \\u00e0 projets 2021\",\"datePublished\":\"2021-07-21T08:21:48+00:00\",\"dateModified\":\"2023-05-03T06:26:45+00:00\",\"mainEntityOfPage\":{\"@id\":\"https:\/\/uoh.fr\/front\/appel-a-projets\/#webpage\"},\"wordCount\":613,\"commentCount\":0,\"publisher\":{\"@id\":\"https:\/\/uoh.fr\/front\/#organization\"},\"articleSection\":[\"Non classifi\\u00e9(e)\"],\"inLanguage\":\"fr-FR\",\"potentialAction\":[{\"@type\":\"CommentAction\",\"name\":\"Comment\",\"target\":[\"https:\/\/uoh.fr\/front\/appel-a-projets\/#respond\"]}]},{\"@type\":\"Person\",\"@id\":\"https:\/\/uoh.fr\/front\/#\/schema\/person\/63e97c19a7ae6597e005b98f3293f93a\",\"name\":\"joanne\",\"image\":{\"@type\":\"ImageObject\",\"@id\":\"https:\/\/uoh.fr\/front\/#personlogo\",\"inLanguage\":\"fr-FR\",\"url\":\"https:\/\/secure.gravatar.com\/avatar\/6b8e57c8220d0882be924e6e19bd5bb6?s=96&d=mm&r=g\",\"contentUrl\":\"https:\/\/secure.gravatar.com\/avatar\/6b8e57c8220d0882be924e6e19bd5bb6?s=96&d=mm&r=g\",\"caption\":\"joanne\"},\"sameAs\":[\"https:\/\/uoh.fr\"],\"url\":\"https:\/\/uoh.fr\/front\/author\/joanne\/\"}]}<\/script>\n<!-- \/ Yoast SEO plugin. -->","yoast_head_json":{"robots":{"index":"index","follow":"follow","max-snippet":"max-snippet:-1","max-image-preview":"max-image-preview:large","max-video-preview":"max-video-preview:-1"},"canonical":"https:\/\/uoh.fr\/front\/appel-a-projets\/","og_locale":"fr_FR","og_type":"article","og_title":"Appel \u00e0 projets 2021 - UNIVERSIT\u00c9 NUM\u00c9RIQUE DES HUMANIT\u00c9S","og_description":"Voir l&rsquo;appel \u00e0 projet 2023 L\u2019Universit\u00e9 Num\u00e9rique, l\u2019association de 6 Universit\u00e9s num\u00e9riques th\u00e9matiques, publie un appel \u00e0 projets de&nbsp;production et d\u2019am\u00e9lioration de ressources p\u00e9dagogiques num\u00e9riques permettant l\u2019hybridation des formations. Cet appel \u00e0 projets comprend&nbsp;3 volets. Il couvre les domaines de formation des sciences de l\u2019ing\u00e9nieur (enveloppe de 50&nbsp;000\u20ac) et des arts, lettres, langues, sciences humaines [&hellip;]","og_url":"https:\/\/uoh.fr\/front\/appel-a-projets\/","og_site_name":"UNIVERSIT\u00c9 NUM\u00c9RIQUE DES HUMANIT\u00c9S","article_publisher":"https:\/\/www.facebook.com\/UOHumanites\/","article_published_time":"2021-07-21T08:21:48+00:00","article_modified_time":"2023-05-03T06:26:45+00:00","twitter_card":"summary_large_image","twitter_creator":"@uohumanites","twitter_site":"@uohumanites","twitter_misc":{"\u00c9crit par":"joanne","Dur\u00e9e de lecture estim\u00e9e":"3 minutes"},"schema":{"@context":"https:\/\/schema.org","@graph":[{"@type":"Organization","@id":"https:\/\/uoh.fr\/front\/#organization","name":"Universit\u00e9 Ouverte des Humanit\u00e9s","url":"https:\/\/uoh.fr\/front\/","sameAs":["https:\/\/www.facebook.com\/UOHumanites\/","https:\/\/www.linkedin.com\/company\/universit-ouverte-des-humanit-s","https:\/\/fr.wikipedia.org\/wiki\/Universit\u00e9_ouverte_des_Humanit\u00e9s","https:\/\/twitter.com\/uohumanites"],"logo":{"@type":"ImageObject","@id":"https:\/\/uoh.fr\/front\/#logo","inLanguage":"fr-FR","url":"https:\/\/uoh.fr\/front\/wp-content\/uploads\/2019\/10\/logo-uoh-png.png","contentUrl":"https:\/\/uoh.fr\/front\/wp-content\/uploads\/2019\/10\/logo-uoh-png.png","width":1200,"height":507,"caption":"Universit\u00e9 Ouverte des Humanit\u00e9s"},"image":{"@id":"https:\/\/uoh.fr\/front\/#logo"}},{"@type":"WebSite","@id":"https:\/\/uoh.fr\/front\/#website","url":"https:\/\/uoh.fr\/front\/","name":"UOH","description":"Des ressources en Arts, Lettres, Langues et Sciences Humaines et Sociales","publisher":{"@id":"https:\/\/uoh.fr\/front\/#organization"},"potentialAction":[{"@type":"SearchAction","target":{"@type":"EntryPoint","urlTemplate":"https:\/\/uoh.fr\/front\/?s={search_term_string}"},"query-input":"required name=search_term_string"}],"inLanguage":"fr-FR"},{"@type":"WebPage","@id":"https:\/\/uoh.fr\/front\/appel-a-projets\/#webpage","url":"https:\/\/uoh.fr\/front\/appel-a-projets\/","name":"Appel \u00e0 projets 2021 - UNIVERSIT\u00c9 NUM\u00c9RIQUE DES HUMANIT\u00c9S","isPartOf":{"@id":"https:\/\/uoh.fr\/front\/#website"},"datePublished":"2021-07-21T08:21:48+00:00","dateModified":"2023-05-03T06:26:45+00:00","breadcrumb":{"@id":"https:\/\/uoh.fr\/front\/appel-a-projets\/#breadcrumb"},"inLanguage":"fr-FR","potentialAction":[{"@type":"ReadAction","target":["https:\/\/uoh.fr\/front\/appel-a-projets\/"]}]},{"@type":"BreadcrumbList","@id":"https:\/\/uoh.fr\/front\/appel-a-projets\/#breadcrumb","itemListElement":[{"@type":"ListItem","position":1,"name":"Home","item":"https:\/\/uoh.fr\/front\/"},{"@type":"ListItem","position":2,"name":"Appel \u00e0 projets 2021"}]},{"@type":"Article","@id":"https:\/\/uoh.fr\/front\/appel-a-projets\/#article","isPartOf":{"@id":"https:\/\/uoh.fr\/front\/appel-a-projets\/#webpage"},"author":{"@id":"https:\/\/uoh.fr\/front\/#\/schema\/person\/63e97c19a7ae6597e005b98f3293f93a"},"headline":"Appel \u00e0 projets 2021","datePublished":"2021-07-21T08:21:48+00:00","dateModified":"2023-05-03T06:26:45+00:00","mainEntityOfPage":{"@id":"https:\/\/uoh.fr\/front\/appel-a-projets\/#webpage"},"wordCount":613,"commentCount":0,"publisher":{"@id":"https:\/\/uoh.fr\/front\/#organization"},"articleSection":["Non classifi\u00e9(e)"],"inLanguage":"fr-FR","potentialAction":[{"@type":"CommentAction","name":"Comment","target":["https:\/\/uoh.fr\/front\/appel-a-projets\/#respond"]}]},{"@type":"Person","@id":"https:\/\/uoh.fr\/front\/#\/schema\/person\/63e97c19a7ae6597e005b98f3293f93a","name":"joanne","image":{"@type":"ImageObject","@id":"https:\/\/uoh.fr\/front\/#personlogo","inLanguage":"fr-FR","url":"https:\/\/secure.gravatar.com\/avatar\/6b8e57c8220d0882be924e6e19bd5bb6?s=96&d=mm&r=g","contentUrl":"https:\/\/secure.gravatar.com\/avatar\/6b8e57c8220d0882be924e6e19bd5bb6?s=96&d=mm&r=g","caption":"joanne"},"sameAs":["https:\/\/uoh.fr"],"url":"https:\/\/uoh.fr\/front\/author\/joanne\/"}]}},"_links":{"self":[{"href":"https:\/\/uoh.fr\/front\/wp-json\/wp\/v2\/posts\/1781"}],"collection":[{"href":"https:\/\/uoh.fr\/front\/wp-json\/wp\/v2\/posts"}],"about":[{"href":"https:\/\/uoh.fr\/front\/wp-json\/wp\/v2\/types\/post"}],"author":[{"embeddable":true,"href":"https:\/\/uoh.fr\/front\/wp-json\/wp\/v2\/users\/2"}],"replies":[{"embeddable":true,"href":"https:\/\/uoh.fr\/front\/wp-json\/wp\/v2\/comments?post=1781"}],"version-history":[{"count":8,"href":"https:\/\/uoh.fr\/front\/wp-json\/wp\/v2\/posts\/1781\/revisions"}],"predecessor-version":[{"id":2942,"href":"https:\/\/uoh.fr\/front\/wp-json\/wp\/v2\/posts\/1781\/revisions\/2942"}],"wp:attachment":[{"href":"https:\/\/uoh.fr\/front\/wp-json\/wp\/v2\/media?parent=1781"}],"wp:term":[{"taxonomy":"category","embeddable":true,"href":"https:\/\/uoh.fr\/front\/wp-json\/wp\/v2\/categories?post=1781"},{"taxonomy":"post_tag","embeddable":true,"href":"https:\/\/uoh.fr\/front\/wp-json\/wp\/v2\/tags?post=1781"}],"curies":[{"name":"wp","href":"https:\/\/api.w.org\/{rel}","templated":true}]}}