{"id":2733,"date":"2022-10-06T16:59:49","date_gmt":"2022-10-06T14:59:49","guid":{"rendered":"https:\/\/uoh.fr\/front\/?p=2733"},"modified":"2022-10-06T16:59:50","modified_gmt":"2022-10-06T14:59:50","slug":"les-usages-des-ressources-pedagogiques-numeriques-en-ead","status":"publish","type":"post","link":"https:\/\/uoh.fr\/front\/les-usages-des-ressources-pedagogiques-numeriques-en-ead\/","title":{"rendered":"Les usages des ressources p\u00e9dagogiques num\u00e9riques en EAD"},"content":{"rendered":"\n<p>La FIED a lanc\u00e9, le&nbsp;vendredi&nbsp;1er&nbsp;avril 2022,&nbsp;&nbsp;<a href=\"https:\/\/d1kft604.na1.hubspotlinksfree.com\/Ctc\/GF+113\/d1Kft604\/VWpNdC7YqzHCW7b07qj1_rv3bW8cYYgJ4QQnlKN1TFhtQ3lSbNV1-WJV7CgCN8W4kvgD852W1xfW7nNDXM4QgGwCW2kD1NK8nQ_JfW3Sr7Kd6JCH_-W3Gn_Lw2bF9mJW8SFcB07pbQmmW8bzSxf3MQfqhW1n9MsT1J1Xw8VYtgPK1P4V9JVHzmFH6mPT48W7xv6Fx6QB4-xW4fq8H35jtG2xW1c7DGm2RzTVqW2yjZsh7RlPwQW7pBc0R3RRF1NN4ssjbdTm1d2W6MCYXd5yLQHNW2jBDFw1ZQrX7V26BLk9kYkSDW2J_0ZY6tfGYmW8QfZH_68Cg4KW6rLsPj3L38kC3hsj1\" target=\"_blank\" rel=\"noreferrer noopener\">une s\u00e9rie de rencontres<\/a>&nbsp;sur les principaux th\u00e8mes constitutifs de l\u2019enseignement \u00e0 distance.<br>Les enregistrements seront par la suite mis en contexte et synth\u00e9tis\u00e9s pour former un guide EAD, qui sera vivant et actualis\u00e9 au fils des ans.<\/p>\n\n\n\n<p>Retrouvez-nous&nbsp;<strong>un&nbsp;vendredi&nbsp;par mois<\/strong>&nbsp;pour partager des exp\u00e9riences et \u00e9changer avec les participants.<\/p>\n\n\n\n<p><strong>Save the date !<\/strong><\/p>\n\n\n\n<p><br>La prochaine Rencontres de l&rsquo;EAD \u00ab\u00a0<strong>Les usages des ressources p\u00e9dagogiques num\u00e9riques en EAD<\/strong>\u00a0\u00bb aura lieu\u00a0<strong>le\u00a0vendredi\u00a014\u00a0octobre de 10h \u00e0 12h<\/strong>\u00a0sur Zoom.<br>Y seront invit\u00e9es\u00a0<strong>Juliette Touzene et Camilla Monge<\/strong>,\u00a0UOH et L&rsquo;Universit\u00e9 Num\u00e9rique.<br><a href=\"https:\/\/d1kft604.na1.hubspotlinksfree.com\/Ctc\/GF+113\/d1Kft604\/VWpNdC7YqzHCW7b07qj1_rv3bW8cYYgJ4QQnlKN1TFhvJ3lScGV1-WJV7CgR7pW88grzX3xqNs7W5wYDr91x2qRBW6R_wMm8cmZyRW4BzQdH6RmQnTW1vGtMQ1RJ9PhW1MkpTS7bvbSmW1W_Ygv8NQxB2N6BZdXq2DnZJW585tQT7XjmMYW5xTZP960cl1RW9dMDmj2z2SK-W5J4LxF4g6pHqVljvHS66RDLHW5948tm2fq4TFW5m1cXd7c8-DSW8Z_vrN442CyBW6cPr3c3KzBw_W43VLtm3CmvzcW7qm8-l8gnTksW8shKFC80PC31W8S6djk6_4Tt-W3q1S2l2Z01VtVMt6KY3DcGwkW33gNgG5vfFFjW39CsDJ6PhkqsN74wKBQS8Z6_W2v3bmv7BD3JlW67Mbpj4cx2ck3dFM1\" rel=\"noreferrer noopener\" target=\"_blank\"><strong>Cliquez sur ce lien Zoom<\/strong><\/a>\u00a0pour vous connecter le 14 octobre.<\/p>\n\n\n\n<p><a href=\"https:\/\/d1kft604.na1.hubspotlinksfree.com\/Ctc\/GF+113\/d1Kft604\/VWpNdC7YqzHCW7b07qj1_rv3bW8cYYgJ4QQnlKN1TFhtQ3lSbNV1-WJV7CgXP8W1Fsws83-KFHCW6FLFhX93XvRKN2SMThhKxZb9W1ZmGjs3gMHW3W7CV1WJ874csrW443YRC923p-dW6W2l3F8nWX6RN4m9fnbC5c9dW2NHYBL19By3qW4ZGMYF5-ZD_jW3lrzDs82WTsWW2q8plX1r5Fy_N4M3cJgx0Q0bW3T19C08SL8MqW5GjpJY4pD6q7W6NGt4312MQRWW29VQ3q998mzPW72gYLh5V4kcJW2LC_dj1cwdXyVrbyWn3w2zj3W8Tc1SG9gMhhzW1vmLk22RksWm3hPR1\" target=\"_blank\" rel=\"noreferrer noopener\">Cliquez ici<\/a>&nbsp;pour consulter le programme et revoir les rencontres pr\u00e9c\u00e9dentes.<\/p>\n\n\n\n<p>Nous vous attendons nombreux le&nbsp;<strong>14&nbsp;octobre<\/strong>&nbsp;pour \u00e9changer avec&nbsp;<strong>Juliette Touzene et Camilla Monge<\/strong>&nbsp;!<\/p>\n","protected":false},"excerpt":{"rendered":"<p>La FIED a lanc\u00e9, le&nbsp;vendredi&nbsp;1er&nbsp;avril 2022,&nbsp;&nbsp;une s\u00e9rie de rencontres&nbsp;sur les principaux th\u00e8mes constitutifs de l\u2019enseignement \u00e0 distance.Les enregistrements seront par la suite mis en contexte et synth\u00e9tis\u00e9s pour former un guide EAD, qui sera vivant et actualis\u00e9 au fils des ans. Retrouvez-nous&nbsp;un&nbsp;vendredi&nbsp;par mois&nbsp;pour partager des exp\u00e9riences et \u00e9changer avec les participants. Save the date ! [&hellip;]<\/p>\n","protected":false},"author":2,"featured_media":0,"comment_status":"open","ping_status":"open","sticky":false,"template":"","format":"standard","meta":[],"categories":[11],"tags":[],"acf":[],"yoast_head":"<!-- This site is optimized with the Yoast SEO plugin v17.7.1 - https:\/\/yoast.com\/wordpress\/plugins\/seo\/ -->\n<meta name=\"robots\" content=\"index, follow, max-snippet:-1, max-image-preview:large, max-video-preview:-1\" \/>\n<link rel=\"canonical\" href=\"https:\/\/uoh.fr\/front\/les-usages-des-ressources-pedagogiques-numeriques-en-ead\/\" \/>\n<meta property=\"og:locale\" content=\"fr_FR\" \/>\n<meta property=\"og:type\" content=\"article\" \/>\n<meta property=\"og:title\" content=\"Les usages des ressources p\u00e9dagogiques num\u00e9riques en EAD - UNIVERSIT\u00c9 NUM\u00c9RIQUE DES HUMANIT\u00c9S\" \/>\n<meta property=\"og:description\" content=\"La FIED a lanc\u00e9, le&nbsp;vendredi&nbsp;1er&nbsp;avril 2022,&nbsp;&nbsp;une s\u00e9rie de rencontres&nbsp;sur les principaux th\u00e8mes constitutifs de l\u2019enseignement \u00e0 distance.Les enregistrements seront par la suite mis en contexte et synth\u00e9tis\u00e9s pour former un guide EAD, qui sera vivant et actualis\u00e9 au fils des ans. Retrouvez-nous&nbsp;un&nbsp;vendredi&nbsp;par mois&nbsp;pour partager des exp\u00e9riences et \u00e9changer avec les participants. Save the date ! [&hellip;]\" \/>\n<meta property=\"og:url\" content=\"https:\/\/uoh.fr\/front\/les-usages-des-ressources-pedagogiques-numeriques-en-ead\/\" \/>\n<meta property=\"og:site_name\" content=\"UNIVERSIT\u00c9 NUM\u00c9RIQUE DES HUMANIT\u00c9S\" \/>\n<meta property=\"article:publisher\" content=\"https:\/\/www.facebook.com\/UOHumanites\/\" \/>\n<meta property=\"article:published_time\" content=\"2022-10-06T14:59:49+00:00\" \/>\n<meta property=\"article:modified_time\" content=\"2022-10-06T14:59:50+00:00\" \/>\n<meta name=\"twitter:card\" content=\"summary_large_image\" \/>\n<meta name=\"twitter:creator\" content=\"@uohumanites\" \/>\n<meta name=\"twitter:site\" content=\"@uohumanites\" \/>\n<meta name=\"twitter:label1\" content=\"\u00c9crit par\" \/>\n\t<meta name=\"twitter:data1\" content=\"joanne\" \/>\n\t<meta name=\"twitter:label2\" content=\"Dur\u00e9e de lecture estim\u00e9e\" \/>\n\t<meta name=\"twitter:data2\" content=\"1 minute\" \/>\n<script type=\"application\/ld+json\" class=\"yoast-schema-graph\">{\"@context\":\"https:\/\/schema.org\",\"@graph\":[{\"@type\":\"Organization\",\"@id\":\"https:\/\/uoh.fr\/front\/#organization\",\"name\":\"Universit\\u00e9 Ouverte des Humanit\\u00e9s\",\"url\":\"https:\/\/uoh.fr\/front\/\",\"sameAs\":[\"https:\/\/www.facebook.com\/UOHumanites\/\",\"https:\/\/www.linkedin.com\/company\/universit-ouverte-des-humanit-s\",\"https:\/\/fr.wikipedia.org\/wiki\/Universit\\u00e9_ouverte_des_Humanit\\u00e9s\",\"https:\/\/twitter.com\/uohumanites\"],\"logo\":{\"@type\":\"ImageObject\",\"@id\":\"https:\/\/uoh.fr\/front\/#logo\",\"inLanguage\":\"fr-FR\",\"url\":\"https:\/\/uoh.fr\/front\/wp-content\/uploads\/2019\/10\/logo-uoh-png.png\",\"contentUrl\":\"https:\/\/uoh.fr\/front\/wp-content\/uploads\/2019\/10\/logo-uoh-png.png\",\"width\":1200,\"height\":507,\"caption\":\"Universit\\u00e9 Ouverte des Humanit\\u00e9s\"},\"image\":{\"@id\":\"https:\/\/uoh.fr\/front\/#logo\"}},{\"@type\":\"WebSite\",\"@id\":\"https:\/\/uoh.fr\/front\/#website\",\"url\":\"https:\/\/uoh.fr\/front\/\",\"name\":\"UOH\",\"description\":\"Des ressources en Arts, Lettres, Langues et Sciences Humaines et Sociales\",\"publisher\":{\"@id\":\"https:\/\/uoh.fr\/front\/#organization\"},\"potentialAction\":[{\"@type\":\"SearchAction\",\"target\":{\"@type\":\"EntryPoint\",\"urlTemplate\":\"https:\/\/uoh.fr\/front\/?s={search_term_string}\"},\"query-input\":\"required name=search_term_string\"}],\"inLanguage\":\"fr-FR\"},{\"@type\":\"WebPage\",\"@id\":\"https:\/\/uoh.fr\/front\/les-usages-des-ressources-pedagogiques-numeriques-en-ead\/#webpage\",\"url\":\"https:\/\/uoh.fr\/front\/les-usages-des-ressources-pedagogiques-numeriques-en-ead\/\",\"name\":\"Les usages des ressources p\\u00e9dagogiques num\\u00e9riques en EAD - UNIVERSIT\\u00c9 NUM\\u00c9RIQUE DES HUMANIT\\u00c9S\",\"isPartOf\":{\"@id\":\"https:\/\/uoh.fr\/front\/#website\"},\"datePublished\":\"2022-10-06T14:59:49+00:00\",\"dateModified\":\"2022-10-06T14:59:50+00:00\",\"breadcrumb\":{\"@id\":\"https:\/\/uoh.fr\/front\/les-usages-des-ressources-pedagogiques-numeriques-en-ead\/#breadcrumb\"},\"inLanguage\":\"fr-FR\",\"potentialAction\":[{\"@type\":\"ReadAction\",\"target\":[\"https:\/\/uoh.fr\/front\/les-usages-des-ressources-pedagogiques-numeriques-en-ead\/\"]}]},{\"@type\":\"BreadcrumbList\",\"@id\":\"https:\/\/uoh.fr\/front\/les-usages-des-ressources-pedagogiques-numeriques-en-ead\/#breadcrumb\",\"itemListElement\":[{\"@type\":\"ListItem\",\"position\":1,\"name\":\"Home\",\"item\":\"https:\/\/uoh.fr\/front\/\"},{\"@type\":\"ListItem\",\"position\":2,\"name\":\"Les usages des ressources p\\u00e9dagogiques num\\u00e9riques en EAD\"}]},{\"@type\":\"Article\",\"@id\":\"https:\/\/uoh.fr\/front\/les-usages-des-ressources-pedagogiques-numeriques-en-ead\/#article\",\"isPartOf\":{\"@id\":\"https:\/\/uoh.fr\/front\/les-usages-des-ressources-pedagogiques-numeriques-en-ead\/#webpage\"},\"author\":{\"@id\":\"https:\/\/uoh.fr\/front\/#\/schema\/person\/63e97c19a7ae6597e005b98f3293f93a\"},\"headline\":\"Les usages des ressources p\\u00e9dagogiques num\\u00e9riques en EAD\",\"datePublished\":\"2022-10-06T14:59:49+00:00\",\"dateModified\":\"2022-10-06T14:59:50+00:00\",\"mainEntityOfPage\":{\"@id\":\"https:\/\/uoh.fr\/front\/les-usages-des-ressources-pedagogiques-numeriques-en-ead\/#webpage\"},\"wordCount\":170,\"commentCount\":0,\"publisher\":{\"@id\":\"https:\/\/uoh.fr\/front\/#organization\"},\"articleSection\":[\"Non classifi\\u00e9(e)\"],\"inLanguage\":\"fr-FR\",\"potentialAction\":[{\"@type\":\"CommentAction\",\"name\":\"Comment\",\"target\":[\"https:\/\/uoh.fr\/front\/les-usages-des-ressources-pedagogiques-numeriques-en-ead\/#respond\"]}]},{\"@type\":\"Person\",\"@id\":\"https:\/\/uoh.fr\/front\/#\/schema\/person\/63e97c19a7ae6597e005b98f3293f93a\",\"name\":\"joanne\",\"image\":{\"@type\":\"ImageObject\",\"@id\":\"https:\/\/uoh.fr\/front\/#personlogo\",\"inLanguage\":\"fr-FR\",\"url\":\"https:\/\/secure.gravatar.com\/avatar\/6b8e57c8220d0882be924e6e19bd5bb6?s=96&d=mm&r=g\",\"contentUrl\":\"https:\/\/secure.gravatar.com\/avatar\/6b8e57c8220d0882be924e6e19bd5bb6?s=96&d=mm&r=g\",\"caption\":\"joanne\"},\"sameAs\":[\"https:\/\/uoh.fr\"],\"url\":\"https:\/\/uoh.fr\/front\/author\/joanne\/\"}]}<\/script>\n<!-- \/ Yoast SEO plugin. -->","yoast_head_json":{"robots":{"index":"index","follow":"follow","max-snippet":"max-snippet:-1","max-image-preview":"max-image-preview:large","max-video-preview":"max-video-preview:-1"},"canonical":"https:\/\/uoh.fr\/front\/les-usages-des-ressources-pedagogiques-numeriques-en-ead\/","og_locale":"fr_FR","og_type":"article","og_title":"Les usages des ressources p\u00e9dagogiques num\u00e9riques en EAD - UNIVERSIT\u00c9 NUM\u00c9RIQUE DES HUMANIT\u00c9S","og_description":"La FIED a lanc\u00e9, le&nbsp;vendredi&nbsp;1er&nbsp;avril 2022,&nbsp;&nbsp;une s\u00e9rie de rencontres&nbsp;sur les principaux th\u00e8mes constitutifs de l\u2019enseignement \u00e0 distance.Les enregistrements seront par la suite mis en contexte et synth\u00e9tis\u00e9s pour former un guide EAD, qui sera vivant et actualis\u00e9 au fils des ans. Retrouvez-nous&nbsp;un&nbsp;vendredi&nbsp;par mois&nbsp;pour partager des exp\u00e9riences et \u00e9changer avec les participants. Save the date ! [&hellip;]","og_url":"https:\/\/uoh.fr\/front\/les-usages-des-ressources-pedagogiques-numeriques-en-ead\/","og_site_name":"UNIVERSIT\u00c9 NUM\u00c9RIQUE DES HUMANIT\u00c9S","article_publisher":"https:\/\/www.facebook.com\/UOHumanites\/","article_published_time":"2022-10-06T14:59:49+00:00","article_modified_time":"2022-10-06T14:59:50+00:00","twitter_card":"summary_large_image","twitter_creator":"@uohumanites","twitter_site":"@uohumanites","twitter_misc":{"\u00c9crit par":"joanne","Dur\u00e9e de lecture estim\u00e9e":"1 minute"},"schema":{"@context":"https:\/\/schema.org","@graph":[{"@type":"Organization","@id":"https:\/\/uoh.fr\/front\/#organization","name":"Universit\u00e9 Ouverte des Humanit\u00e9s","url":"https:\/\/uoh.fr\/front\/","sameAs":["https:\/\/www.facebook.com\/UOHumanites\/","https:\/\/www.linkedin.com\/company\/universit-ouverte-des-humanit-s","https:\/\/fr.wikipedia.org\/wiki\/Universit\u00e9_ouverte_des_Humanit\u00e9s","https:\/\/twitter.com\/uohumanites"],"logo":{"@type":"ImageObject","@id":"https:\/\/uoh.fr\/front\/#logo","inLanguage":"fr-FR","url":"https:\/\/uoh.fr\/front\/wp-content\/uploads\/2019\/10\/logo-uoh-png.png","contentUrl":"https:\/\/uoh.fr\/front\/wp-content\/uploads\/2019\/10\/logo-uoh-png.png","width":1200,"height":507,"caption":"Universit\u00e9 Ouverte des Humanit\u00e9s"},"image":{"@id":"https:\/\/uoh.fr\/front\/#logo"}},{"@type":"WebSite","@id":"https:\/\/uoh.fr\/front\/#website","url":"https:\/\/uoh.fr\/front\/","name":"UOH","description":"Des ressources en Arts, Lettres, Langues et Sciences Humaines et Sociales","publisher":{"@id":"https:\/\/uoh.fr\/front\/#organization"},"potentialAction":[{"@type":"SearchAction","target":{"@type":"EntryPoint","urlTemplate":"https:\/\/uoh.fr\/front\/?s={search_term_string}"},"query-input":"required name=search_term_string"}],"inLanguage":"fr-FR"},{"@type":"WebPage","@id":"https:\/\/uoh.fr\/front\/les-usages-des-ressources-pedagogiques-numeriques-en-ead\/#webpage","url":"https:\/\/uoh.fr\/front\/les-usages-des-ressources-pedagogiques-numeriques-en-ead\/","name":"Les usages des ressources p\u00e9dagogiques num\u00e9riques en EAD - UNIVERSIT\u00c9 NUM\u00c9RIQUE DES HUMANIT\u00c9S","isPartOf":{"@id":"https:\/\/uoh.fr\/front\/#website"},"datePublished":"2022-10-06T14:59:49+00:00","dateModified":"2022-10-06T14:59:50+00:00","breadcrumb":{"@id":"https:\/\/uoh.fr\/front\/les-usages-des-ressources-pedagogiques-numeriques-en-ead\/#breadcrumb"},"inLanguage":"fr-FR","potentialAction":[{"@type":"ReadAction","target":["https:\/\/uoh.fr\/front\/les-usages-des-ressources-pedagogiques-numeriques-en-ead\/"]}]},{"@type":"BreadcrumbList","@id":"https:\/\/uoh.fr\/front\/les-usages-des-ressources-pedagogiques-numeriques-en-ead\/#breadcrumb","itemListElement":[{"@type":"ListItem","position":1,"name":"Home","item":"https:\/\/uoh.fr\/front\/"},{"@type":"ListItem","position":2,"name":"Les usages des ressources p\u00e9dagogiques num\u00e9riques en EAD"}]},{"@type":"Article","@id":"https:\/\/uoh.fr\/front\/les-usages-des-ressources-pedagogiques-numeriques-en-ead\/#article","isPartOf":{"@id":"https:\/\/uoh.fr\/front\/les-usages-des-ressources-pedagogiques-numeriques-en-ead\/#webpage"},"author":{"@id":"https:\/\/uoh.fr\/front\/#\/schema\/person\/63e97c19a7ae6597e005b98f3293f93a"},"headline":"Les usages des ressources p\u00e9dagogiques num\u00e9riques en EAD","datePublished":"2022-10-06T14:59:49+00:00","dateModified":"2022-10-06T14:59:50+00:00","mainEntityOfPage":{"@id":"https:\/\/uoh.fr\/front\/les-usages-des-ressources-pedagogiques-numeriques-en-ead\/#webpage"},"wordCount":170,"commentCount":0,"publisher":{"@id":"https:\/\/uoh.fr\/front\/#organization"},"articleSection":["Non classifi\u00e9(e)"],"inLanguage":"fr-FR","potentialAction":[{"@type":"CommentAction","name":"Comment","target":["https:\/\/uoh.fr\/front\/les-usages-des-ressources-pedagogiques-numeriques-en-ead\/#respond"]}]},{"@type":"Person","@id":"https:\/\/uoh.fr\/front\/#\/schema\/person\/63e97c19a7ae6597e005b98f3293f93a","name":"joanne","image":{"@type":"ImageObject","@id":"https:\/\/uoh.fr\/front\/#personlogo","inLanguage":"fr-FR","url":"https:\/\/secure.gravatar.com\/avatar\/6b8e57c8220d0882be924e6e19bd5bb6?s=96&d=mm&r=g","contentUrl":"https:\/\/secure.gravatar.com\/avatar\/6b8e57c8220d0882be924e6e19bd5bb6?s=96&d=mm&r=g","caption":"joanne"},"sameAs":["https:\/\/uoh.fr"],"url":"https:\/\/uoh.fr\/front\/author\/joanne\/"}]}},"_links":{"self":[{"href":"https:\/\/uoh.fr\/front\/wp-json\/wp\/v2\/posts\/2733"}],"collection":[{"href":"https:\/\/uoh.fr\/front\/wp-json\/wp\/v2\/posts"}],"about":[{"href":"https:\/\/uoh.fr\/front\/wp-json\/wp\/v2\/types\/post"}],"author":[{"embeddable":true,"href":"https:\/\/uoh.fr\/front\/wp-json\/wp\/v2\/users\/2"}],"replies":[{"embeddable":true,"href":"https:\/\/uoh.fr\/front\/wp-json\/wp\/v2\/comments?post=2733"}],"version-history":[{"count":2,"href":"https:\/\/uoh.fr\/front\/wp-json\/wp\/v2\/posts\/2733\/revisions"}],"predecessor-version":[{"id":2735,"href":"https:\/\/uoh.fr\/front\/wp-json\/wp\/v2\/posts\/2733\/revisions\/2735"}],"wp:attachment":[{"href":"https:\/\/uoh.fr\/front\/wp-json\/wp\/v2\/media?parent=2733"}],"wp:term":[{"taxonomy":"category","embeddable":true,"href":"https:\/\/uoh.fr\/front\/wp-json\/wp\/v2\/categories?post=2733"},{"taxonomy":"post_tag","embeddable":true,"href":"https:\/\/uoh.fr\/front\/wp-json\/wp\/v2\/tags?post=2733"}],"curies":[{"name":"wp","href":"https:\/\/api.w.org\/{rel}","templated":true}]}}